{"id":130,"date":"2018-04-03T14:47:23","date_gmt":"2018-04-03T14:47:23","guid":{"rendered":"https:\/\/romeocozma.com\/index.php\/2018\/04\/03\/hello-world-2\/"},"modified":"2022-01-25T17:37:55","modified_gmt":"2022-01-25T17:37:55","slug":"romeo-cozma-portret-componistic-jazz-2020","status":"publish","type":"post","link":"https:\/\/romeocozma.com\/ro\/2018\/04\/03\/romeo-cozma-portret-componistic-jazz-2020\/","title":{"rendered":"PORTRET COMPONISTIC: ROMEO COZMA &#8211; ALBUM ANIVERSAR 2020"},"content":{"rendered":"<p>De\u015fi nu sunt accesibile marelui public, CD-urile de uz intern cuprinse \u00een colec\u0163iile&nbsp;<strong><em>\u201eANTOLOGIEI MUZICII ROM\u00c2NE\u015eTI\u201d<\/em><\/strong>&nbsp;editat\u0103 pe genuri distincte de c\u0103tre&nbsp;<strong><em>Uniunea Compozitorilor \u015fi Muzicologilor din Rom\u00e2nia<\/em><\/strong>&nbsp;(exclusiv pentru membrii s\u0103i), se constituie drept o formul\u0103 c\u00e2t se poate de oportun\u0103 spre a memora pentru posteritate crea\u0163iile cele mai valoroase ale compozitorilor no\u015ftri la intersec\u0163ia mileniilor&#8230;<\/p>\n\n\n\n<p>Compartimentul&nbsp;<strong><em>JAZZ<\/em><\/strong>&nbsp;a ap\u0103rut concretizat p\u00e2n\u0103 \u00een prezent \u00een dou\u0103sprezece CD-uri dintre care primele opt au reprezentat compila\u0163ii al\u0103tur\u00e2nd crea\u0163ii ale mai multor muzicieni de gen, urm\u0103toarele patru fiind consacrate fiecare, c\u00e2te unui compozitor rom\u00e2n contemporan, ca&nbsp;<strong>Marius Popp<\/strong>,&nbsp;<strong>Mircea Tiberian<\/strong>,&nbsp;<strong>C\u0103t\u0103lin T\u00eercolea<\/strong>.<\/p>\n\n\n\n<div class=\"wp-block-image\"><figure class=\"aligncenter size-full\"><img loading=\"lazy\" decoding=\"async\" width=\"474\" height=\"713\" src=\"https:\/\/romeocozma.com\/wp-content\/uploads\/2022\/01\/download.jpeg\" alt=\"Romeo Cozma\" class=\"wp-image-218\" srcset=\"https:\/\/romeocozma.com\/wp-content\/uploads\/2022\/01\/download.jpeg 474w, https:\/\/romeocozma.com\/wp-content\/uploads\/2022\/01\/download-199x300.jpeg 199w, https:\/\/romeocozma.com\/wp-content\/uploads\/2022\/01\/download-124x187.jpeg 124w\" sizes=\"auto, (max-width: 474px) 100vw, 474px\" \/><\/figure><\/div>\n\n\n\n<p>Cel mai recent album din acest serial, ap\u0103rut la finele anului 2020, \u00eel are protagonist pe apreciatul pianist, compozitor, profesor universitar doctor, publicist \u015fi promotor al vie\u0163ii muzicale ie\u015fene&nbsp;<strong>Romeo Cozma<\/strong>. De\u015fi moldovean 100 %, muzicianul a venit pe lume la Bucure\u015fti, la 13 noiembrie 1955, familia sa stabilindu-se la scurt timp \u00een Ia\u015fi. Aici t\u00e2n\u0103rul \u015fi-a des\u0103v\u00e2r\u015fit educa\u0163ia muzical\u0103, absolvind&nbsp;<strong><em>Sec\u0163ia Compozi\u0163ie<\/em><\/strong>&nbsp;a&nbsp;<strong><em>Universit\u0103\u0163ii Na\u0163ionale de Arte \u201eGeorge Enescu\u201d<\/em><\/strong>. Foarte activ \u00eenc\u0103 din tinere\u0163e \u015fi cultiv\u00e2nd preocup\u0103ri multiple legate de arta sunetelor,&nbsp;<strong>Romeo Cozma<\/strong>&nbsp;s-a afirmat mai \u00eent\u00e2i ca pianist \u015fi lider de grup (de fapt se cuvine s\u0103 folosim pluralul \u201egrupuri\u201d \u00eentruc\u00e2t prin ani a \u00eentemeiat \u015fi condus forma\u0163ii precum cele numite&nbsp;<strong><em>\u201eStudio\u201d<\/em><\/strong>,&nbsp;<strong><em>\u201eElectric Combo\u201d<\/em><\/strong>,&nbsp;<strong><em>\u201eMoldavian Quartet\u201d<\/em><\/strong>,&nbsp;<strong><em>\u201eBlue Note\u201d<\/em><\/strong>) impun\u00e2ndu-se cu pregnan\u0163\u0103 pe podiumuri de club, de concert \u015fi de festival, at\u00e2t \u00een \u0163ar\u0103 c\u00e2t \u015fi \u00een str\u0103in\u0103tate (Republica Moldova, Germania, Fran\u0163a, SUA, Austria, Italia, Belgia, Suedia etc.), \u00een cele mai diverse formule de agregare, de la pian solo la combo \u015fi big band \u015fi\/sau pianist solist al\u0103turi de orchestre simfonice; dar s-a remarcat nu doar \u00een zona componisticii propriu-zise, ci \u015fi ca orchestrator; component \/ pre\u015fedinte de jurii; sus\u0163in\u0103tor de&nbsp;<strong><em>conferin\u0163e<\/em><\/strong>&nbsp;\u015fi&nbsp;<strong><em>masterclass<\/em><\/strong>; \u00eentemeietor al&nbsp;<strong><em>Clubului de Jazz<\/em><\/strong>&nbsp;purt\u00e2nd numele ilustrului timi\u015forean&nbsp;<strong>Richard Oschanitzky<\/strong>&nbsp;la&nbsp;<strong><em>Casa de Cultur\u0103 a Studen\u0163ilor<\/em><\/strong>&nbsp;din municipiul moldav; tot el a organizat \u015fi sus\u0163inut inclusiv ca solist instrumentist seria de concerte de la&nbsp;<strong><em>Filarmonica \u201eMoldova\u201d<\/em><\/strong>&nbsp;ce au ilustrat evolu\u0163ia stilistic\u0103 a jazzului; a ini\u0163iat concursuri de crea\u0163ie \u015fi interpretare concepute drept oportune antreprize de emula\u0163ie artistic\u0103 destinate studen\u0163ilor; a structurat galele&nbsp;<strong><em>\u201eFesti-Jazz\u201d<\/em><\/strong>, apoi manifestarea&nbsp;<strong><em>\u201eFesti-Jazz &amp; Blues\u201d<\/em><\/strong>&nbsp;num\u0103r\u00e2nd mai multe edi\u0163ii; a \u00eenfiin\u0163at \u015fi coordonat ani la r\u00e2nd&nbsp;<strong><em>Studioul de interpretare \u00een jazz \u015fi \u00een muzic\u0103 u\u015foar\u0103<\/em><\/strong>&nbsp;(la aceea\u015fi&nbsp;<strong><em>Cas\u0103 de Cultur\u0103 a Studen\u0163ilor<\/em><\/strong>), veritabil\u0103 pepinier\u0103 de tinere speran\u0163e, vocaliste \u015fi instrumenti\u015fti, parte dintre ace\u015ftia devenindu-i apoi studen\u0163i la&nbsp;<strong><em>Clasa de jazz<\/em><\/strong>&nbsp;fondat\u0103 de el la&nbsp;<strong><em>Universitatea Na\u0163ional\u0103 de Arte \u201eGeorge Enescu\u201d<\/em><\/strong>. C\u00e2t prive\u015fte crea\u0163ia lui componistic\u0103, aceasta include, pe l\u00e2ng\u0103&nbsp;<strong><em>jazz<\/em><\/strong>&nbsp;\u2013&nbsp;<strong><em>muzic\u0103 coral\u0103<\/em><\/strong>,&nbsp;<strong><em>de camer\u0103<\/em><\/strong>,&nbsp;<strong><em>muzic\u0103<\/em><\/strong>&nbsp;<strong><em>simfonic\u0103<\/em><\/strong>,&nbsp;<strong><em>vocal-simfonic\u0103<\/em><\/strong>,&nbsp;<strong><em>muzic\u0103 electronic\u0103<\/em><\/strong>,&nbsp;<strong><em>muzic\u0103 u\u015foar\u0103<\/em><\/strong>,<strong><em>muzic\u0103 pentru copii<\/em><\/strong>.<\/p>\n\n\n\n<figure class=\"wp-block-image size-large\"><img loading=\"lazy\" decoding=\"async\" width=\"1024\" height=\"656\" src=\"https:\/\/romeocozma.com\/wp-content\/uploads\/2022\/01\/New-2-1024x656.jpg\" alt=\"\" class=\"wp-image-334\" srcset=\"https:\/\/romeocozma.com\/wp-content\/uploads\/2022\/01\/New-2-1024x656.jpg 1024w, https:\/\/romeocozma.com\/wp-content\/uploads\/2022\/01\/New-2-300x192.jpg 300w, https:\/\/romeocozma.com\/wp-content\/uploads\/2022\/01\/New-2-768x492.jpg 768w, https:\/\/romeocozma.com\/wp-content\/uploads\/2022\/01\/New-2-1536x984.jpg 1536w, https:\/\/romeocozma.com\/wp-content\/uploads\/2022\/01\/New-2-18x12.jpg 18w, https:\/\/romeocozma.com\/wp-content\/uploads\/2022\/01\/New-2-280x179.jpg 280w, https:\/\/romeocozma.com\/wp-content\/uploads\/2022\/01\/New-2-1170x750.jpg 1170w, https:\/\/romeocozma.com\/wp-content\/uploads\/2022\/01\/New-2.jpg 1618w\" sizes=\"auto, (max-width: 1024px) 100vw, 1024px\" \/><\/figure>\n\n\n\n<p><strong>Romeo Cosma<\/strong>\u00a0este \u015fi autorul mai multor c\u0103r\u0163i \u015fi, pentru cine nu o \u015ftie, a fost primul dintre muzicienii rom\u00e2ni de jazz care \u015fi-a adjudecat titlul de\u00a0<strong><em>doctor \u00een muzic\u0103<\/em><\/strong>\u00a0\u2013 ceea ce s-a petrecut la\u00a0<strong><em>Academia Na\u0163ional\u0103 de Muzic\u0103 \u201eGheorghe Dima\u201d<\/em><\/strong>\u00a0din Cluj \u00een anul 2004, an \u00een care, sub diriguirea distinsului prof. univ. dr.\u00a0<strong>Valentin Timaru<\/strong>, doctorandul ie\u015fean ob\u0163inea r\u00e2vnitul apelativ cu teza de doctorat\u00a0<strong><em>\u201eIpostaze ale muzicii de jazz\u201d<\/em><\/strong>.<\/p>\n\n\n\n<p>CD-ul&nbsp;<strong>\u201eRomeo Cozma \u2013 Album aniversar 2020\u201d<\/strong>&nbsp;este produs de&nbsp;<strong><em>Editura Muzical\u0103<\/em><\/strong>&nbsp;<strong><em>a UCMR<\/em><\/strong>: aniversar \u00eentruc\u00e2t artistul a \u00eemplinit anul trecut \u015faizeci\u015ficinci de toamne, aniversar \u015fi pentru c\u0103 \u00een 2020&nbsp;<strong><em>Uniunea Compozitorilor \u015fi Muzicologilor din Rom\u00e2nia<\/em><\/strong>&nbsp;a celebrat un veac de existen\u0163\u0103! Pe \u201erilele\u201d digitale ale albumului se afl\u0103 \u00eenscris\u0103, drept consecin\u0163\u0103 a unei atente selec\u0163ii, o duzin\u0103 de admirabile momente sonore purt\u00e2nd autograful muzicianului&#8230; piese dintre acelea \u00eenregistrate \u00eentre anii 1983 \u2013 2019, at\u00e2t secven\u0163e solo cu autorul la pian, c\u00e2t \u015fi interpret\u0103ri de grup cu contribu\u0163ii creative notabile ale unor instrumenti\u015fti de valoare, \u00eentre care \u015fi cei doi fii,&nbsp;<strong>Robert Cozma<\/strong>&nbsp;&#8211; trombon \u015fi&nbsp;<strong>Cristian Cozma<\/strong>&nbsp;&#8211;&nbsp; baterie \/ percu\u0163ie; episoade ce merit\u0103 a fi r\u0103spl\u0103tite cu aprecierile auditorului, gra\u0163ie originalit\u0103\u0163ii v\u0103dite \u00een edific\u0103rile arhitectonic-muzicale, \u00een limbajul sonor folosit, gra\u0163ie prospe\u0163imii, firescului inspira\u0163iei, rafinamentului armonic, \u00eembin\u0103rii \u00eentre sc\u0103rile muzicale tonale \u015fi cele modale, gra\u0163ie iscusin\u0163ei m\u00e2nuirii modula\u0163iilor.<\/p>\n\n\n\n<p>\u00cen deschiderea CD-ului se face auzit\u0103 piesa&nbsp;<strong><em>\u201eBARBARIAN DANCE\u201d<\/em><\/strong>&nbsp;relief\u00e2ndu-se prin tempoul alert, ritmul frenetic, expresivitatea frust\u0103, nedomolit\u0103, tr\u0103s\u0103turi caracteriz\u00e2nd rolurile disputate pe claviaturile acustice \u015fi digitale de piani\u015ftii&nbsp;<strong>Ion Baciu Jr.<\/strong>&nbsp;\u015fi&nbsp;<strong>Romeo Cozma<\/strong>, seconda\u0163i de basistul&nbsp;<strong>Vlaicu Golcea<\/strong>. Recompensat\u0103 cu&nbsp;<strong><em>Premiul UCMR<\/em><\/strong>&nbsp;pe anul 1995, secven\u0163a de pian solo<strong><em>\u201eM\u0102IASTRA\u201d<\/em><\/strong>&nbsp;cucere\u015fte prin volupt\u0103\u0163ile armonice fructificate prin m\u0103iestrite modula\u0163ii. Este urmat\u0103 de o secven\u0163\u0103&nbsp;<strong><em>live<\/em><\/strong>&nbsp;interpretat\u0103 de autor la pian \u00een parteneriat cu&nbsp;<strong>Nicolas Simion<\/strong>&nbsp;&#8211; saxofon sopran,&nbsp;<strong>Pedro Negrescu<\/strong>&nbsp;&#8211; contrabas,&nbsp;<strong>Johannes Bockholt<\/strong>&nbsp;(Germania) &#8211; baterie, ne referim la&nbsp;<strong><em>\u201eSONG FOR RICCI\u201d<\/em><\/strong>, \u015fi acesta beneficiar al&nbsp;<strong><em>Premiului Uniunii Compozitorilor \u015fi Muzicologilor din Rom\u00e2nia<\/em><\/strong>, dob\u00e2ndit \u00een anul 1999. Inspirata balad\u0103&nbsp;<strong><em>\u201eLORELEI\u201d<\/em><\/strong>&nbsp;exploreaz\u0103 mirabile lumi de frumuse\u0163i sonore izvor\u00eete din preumblarea agil\u0103 a degetelor lui&nbsp;<strong>Romeo Cozma<\/strong>&nbsp;pe claviatura \u00een alb \u015fi negru. O alt\u0103 pies\u0103-tribut \u00een memoria lui&nbsp;<strong>Richard Oschanitzky<\/strong>&nbsp;este&nbsp;<strong><em>\u201eCULORILE LACRIMEI\u201d<\/em><\/strong>, pentru interpretarea c\u0103reia s-au implicat, \u00eempreun\u0103 cu pianistul, trei nume de referin\u0163\u0103 ale jazzului autohton, ghitaristul&nbsp;<strong>Dan Ionescu<\/strong>, basistul&nbsp;<strong>Decebal B\u0103dil\u0103<\/strong>, bateristul&nbsp;<strong>Eugen Gondi<\/strong><em>,<\/em>&nbsp;\u00een prezent ace\u015ftia tr\u0103ind \u015fi activ\u00e2nd \u00een str\u0103in\u0103tate. Iar&nbsp;<strong><em>\u201eCRISTI\u2019S SMILE\u201d<\/em><\/strong>&nbsp;este o dedica\u0163ie a lui&nbsp;<strong>Romeo Cozma<\/strong>&nbsp;c\u0103tre fiul s\u0103u,&nbsp;<strong>Cristian Cozma<\/strong>&nbsp;care ac\u0163ioneaz\u0103 vibrafonul, al\u0103turi de basistul&nbsp;<strong>Constantin B\u00eezg\u0103<\/strong>&nbsp;\u015fi de autor la pian.&nbsp;<strong><em>\u201eBLUE BLOODY MO\u015eU BLUES\u201d<\/em><\/strong>&nbsp;\u2013 iat\u0103 un desen melodic de 12 m\u0103suri, cu armonii specifice construit pe mersul agale (<strong><em>walking bass<\/em><\/strong>) al lui&nbsp;<strong>Vasile Marian<\/strong>, cu participarea de cert\u0103 d\u0103ruire, inclusiv solistic\u0103, a membrilor familei&nbsp;<strong>Cozma<\/strong>&nbsp;\u2013&nbsp;<strong>Robert<\/strong>&nbsp;la trombon,&nbsp;<strong>Cristian<\/strong>&nbsp;la timbrurile bateriei, desigur&nbsp;<strong>Romeo<\/strong>&nbsp;la pian (cu un inopinat citat din piesa&nbsp;<strong><em>\u201eSweet Georgia Brown\u201d<\/em><\/strong>&nbsp;\u00een decursul improviza\u0163iei); tuturor \u2013 mul\u0163umirile subsemnatului! Cantilen\u0103 suplu balansat\u0103, \u201emelodia de acorduri\u201d \u2013 a\u015fa-numitele \u201eblock chords\u201d \u2013&nbsp;<strong><em>\u201e\u00ceN DULCELE STIL CLASIC\u201d<\/em><\/strong>&nbsp;pune \u00een eviden\u0163\u0103 talentul, m\u0103iestria de abil improvizator pe claviatur\u0103 a compozitorului. Un al doilea moment&nbsp;<strong><em>live<\/em><\/strong>&nbsp;pe disc,&nbsp;<strong><em>\u201eFEERIE \u00ceN RITM LATIN\u201d<\/em><\/strong>&nbsp;exult\u0103 o iradiant\u0103 explozie de vitalitate, cu o ferm\u0103 determinare ritmic\u0103, \u00een valorificarea varia\u0163ional\u0103 a c\u0103reia, trei protagoni\u015fti se afirm\u0103 solistic:&nbsp;<strong>Dan Huide\u015f<\/strong>&nbsp;la trompet\u0103,&nbsp;<strong>Romeo Cozma<\/strong>&nbsp;la pian \u015fi bateristul&nbsp;<strong>Stelian Andronic<\/strong>&nbsp;\u2013 fulminant constructor de formule ritmice, cu to\u0163i sus\u0163inu\u0163i de fundamentul stabil, ferm al basistului&nbsp;<strong>Vasile Marian<\/strong>. Crea\u0163ia intitulat\u0103&nbsp;<strong><em>\u201eGRAVITA\u0162II\u201d<\/em><\/strong>&nbsp;se v\u0103de\u015fte surprinz\u0103toare din punct de vedere conceptual, o ingenioas\u0103 rocad\u0103 de arpegii, am numi-o&nbsp;<strong><em>\u201etem\u0103 multicentric\u0103\u201d<\/em><\/strong>&nbsp;\u2013 una dintre cele mai valoroase crea\u0163ii de pian solo purt\u00e2nd autograful lui&nbsp;<strong>Romeo Cozma<\/strong>!&nbsp;<strong><em>\u201eBALKANO DANCE\u201d<\/em><\/strong>&nbsp;\u2013 ce apare prezentat\u0103 de quintetul reunindu-i pe fra\u0163ii&nbsp;<strong>Virgil<\/strong>&nbsp;\u015fi&nbsp;<strong>Mihai Popovici<\/strong>, la clarinet \u015fi respectiv baterie, pe mai tinerii&nbsp;<strong>Cristian Popovici<\/strong>&nbsp;(fiul lui&nbsp;<strong>Virgil<\/strong>) la ghitar\u0103 \u015fi pe&nbsp;<strong>Dan Saghin<\/strong>&nbsp;la ghitar\u0103 bas, cu to\u0163i coordona\u0163i de pianistului autor, \u00eenc\u00e2nt\u0103 auzul prin melopeea vie, de influen\u0163\u0103 oriental\u0103, cl\u0103dit\u0103 pe metrica alternativ\u0103 de&nbsp;<strong><em>geampara<\/em><\/strong>. \u00cen epilogul CD-ului, fluidul sonor al compozi\u0163iei&nbsp;<strong><em>\u201eNOSTALGIC DREAM\u201d<\/em><\/strong>&nbsp;se revars\u0103 spre o mare de lini\u015fte printr-un \u201eestuar\u201d pe trei voci, \u00een t\u0103lm\u0103cirea \u00eenfiorat\u0103 a trio-ului&nbsp;<strong>Romeo Cozma<\/strong>&nbsp;la pian,&nbsp;<strong>Constantin B\u00eezg\u0103<\/strong>&nbsp;la contrabas,&nbsp;<strong>Cristian Cozma<\/strong>&nbsp;la vibrafon \u015fi baterie. Aranjamentele tuturor pieselor interpretate \u00een grup poart\u0103 amprenta de m\u0103iestrie a lui&nbsp;<strong>Romeo Cozma<\/strong>.<\/p>\n\n\n\n<p>Caset\u0103 tehnic\u0103:&nbsp;<strong>ANTOLOGIA MUZICII ROM\u00c2NE\u015eTI<\/strong>.&nbsp;<strong>MUZIC\u0102 DE JAZZ<\/strong>.&nbsp;<strong>CD 12<\/strong>.<br>Portret componistic ROMEO COZMA \u2013 Album aniversar 2020. Editura Muzical\u0103.<br><strong>Coproduc\u0103tor UCMR 2020<\/strong>.&nbsp;<strong>Proiect finan\u0163at de UCMR &#8211; ADA<\/strong>.&nbsp;<strong>NOT FOR SALE<\/strong>.<\/p>\n\n\n\n<ol class=\"wp-block-list\"><li><strong>Barbarian Dance<\/strong>&nbsp;\u2013 10\u201945\u201d<\/li><li><strong>M\u0103iastra<\/strong>&nbsp;\u2013 3\u201928\u201d (Premiul UCMR 1995)<\/li><li><strong>Song for Ricci<\/strong>&nbsp;\u2013 9\u201946\u201d (Premiul UCMR 1999)<\/li><li><strong>Lorelei<\/strong>&nbsp;\u2013 4\u201953\u201d<\/li><li><strong>Culorile lacrimei<\/strong>&nbsp;\u2013 5\u201950\u201d<\/li><li><strong>Cristi\u2019s Smile<\/strong>&nbsp;\u2013 4\u201925\u201d<\/li><li><strong>Blue Bloody Mo\u015fu Blues<\/strong>&nbsp;\u2013 3\u201954\u201d<\/li><li><strong>\u00cen dulcele stil clasic<\/strong>&nbsp;\u2013 4\u201922\u201d<\/li><li><strong>Feerie \u00een ritm latin<\/strong>&nbsp;\u2013 9\u201912\u201d<\/li><li><strong>Gravita\u0163ii<\/strong>&nbsp;\u2013 4\u201948\u201d<\/li><li><strong>Balkano Dance<\/strong>&nbsp;\u2013 3\u201920\u201d<\/li><li><strong>Nostalgic Dream<\/strong>&nbsp;\u2013 3\u201938\u201d<\/li><\/ol>\n\n\n\n<p>Compozi\u0163ii \u015fi aranjamente:&nbsp;<strong>Romeo Cozma<br><\/strong>\u00cenregistr\u0103ri realizate \u00eentre 1983 &#8211; 2019<\/p>\n\n\n\n<p><em>Interpre\u0163i:<\/em><\/p>\n\n\n\n<ul class=\"wp-block-list\"><li><strong>Romeo Cozma<\/strong>&nbsp;\u2013 pian digital, sintetizatoare (1)<\/li><li><strong>Romeo Cozma<\/strong>&nbsp;\u2013 pian acustic \/ pian solo (2, 3, 4, 5, 6, 7, 8, 9, 10, 11, 12)<\/li><li><strong>Ion Baciu Jr.<\/strong>&nbsp;\u2013 pian digital (1)<\/li><li><strong>Vlaicu Golcea<\/strong>&nbsp;\u2013 ghitar\u0103 bass, live electronics (1)<\/li><li><strong>Nicolas Simion<\/strong>&nbsp;\u2013 saxofon sopran (3)<\/li><li><strong>Pedro Negrescu<\/strong>&nbsp;\u2013 contrabas (3)<\/li><li><strong>Johannes Bockholt (Germania)<\/strong>&nbsp;\u2013 baterie (3)<\/li><li><strong>Dan Ionescu<\/strong>&nbsp;\u2013 ghitar\u0103 (5)<\/li><li><strong>Decebal B\u0103dil\u0103<\/strong>&nbsp;\u2013 ghitar\u0103 bas (5)<\/li><li><strong>Eugen Gondi<\/strong>&nbsp;\u2013 baterie (5)<\/li><li><strong>Constantin B\u00eezg\u0103<\/strong>&nbsp;\u2013 contrabas (6, 12)<\/li><li><strong>Cristian Cozma<\/strong>&nbsp;\u2013 vibrafon, baterie, percu\u0163ie (6, 7, 12)<\/li><li><strong>Vasile Marian<\/strong>&nbsp;\u2013 contrabas (7, 9)<\/li><li><strong>Robert Cozma<\/strong>&nbsp;\u2013 trombon (7)<\/li><li><strong>Dan Huide\u015f<\/strong>&nbsp;\u2013 trompet\u0103 (9)<\/li><li><strong>Stelian Andronic<\/strong>&nbsp;\u2013 baterie (9)<\/li><li><strong>Virgil Popovici<\/strong>&nbsp;\u2013 clarinet (11)<\/li><li><strong>Cristian Popovici<\/strong>&nbsp;\u2013 ghitar\u0103 (11)<\/li><li><strong>Dan Saghin<\/strong>&nbsp;\u2013 ghitar\u0103 bas (11)<\/li><li><strong>Mihai&nbsp; Popovici<\/strong>&nbsp;\u2013 baterie (11)<\/li><\/ul>\n\n\n\n<p><strong>Florian Lungu<br><\/strong>29 ianuarie 2021<\/p>","protected":false},"excerpt":{"rendered":"<p>De\u015fi nu sunt accesibile marelui public, CD-urile de uz intern cuprinse \u00een colec\u0163iile&nbsp;\u201eANTOLOGIEI MUZICII ROM\u00c2NE\u015eTI\u201d&nbsp;editat\u0103 pe genuri distincte de c\u0103tre&nbsp;Uniunea Compozitorilor \u015fi Muzicologilor din Rom\u00e2nia&nbsp;(exclusiv pentru membrii s\u0103i), se constituie drept o formul\u0103 c\u00e2t se poate de oportun\u0103 spre a memora pentru posteritate crea\u0163iile cele mai valoroase ale compozitorilor no\u015ftri la intersec\u0163ia mileniilor&#8230; Compartimentul&nbsp;JAZZ&nbsp;a ap\u0103rut<\/p>","protected":false},"author":1,"featured_media":0,"comment_status":"open","ping_status":"open","sticky":false,"template":"","format":"standard","meta":{"footnotes":""},"categories":[3],"tags":[],"class_list":["post-130","post","type-post","status-publish","format-standard","hentry","category-news"],"yoast_head":"<!-- This site is optimized with the Yoast SEO plugin v24.7 - https:\/\/yoast.com\/wordpress\/plugins\/seo\/ -->\n<title>PORTRET COMPONISTIC: ROMEO COZMA ALBUM ANIVERSAR 2020<\/title>\n<meta name=\"description\" content=\"CD-ul\u00a0\u201eRomeo Cozma \u2013 Album aniversar 2020\u201d\u00a0este produs de\u00a0Editura Muzical\u0103\u00a0a UCMR: din Rom\u00e2nia\u00a0a celebrat un veac de existen\u0163\u0103\" \/>\n<meta name=\"robots\" content=\"index, follow, max-snippet:-1, max-image-preview:large, max-video-preview:-1\" \/>\n<link rel=\"canonical\" href=\"https:\/\/romeocozma.com\/ro\/2018\/04\/03\/romeo-cozma-portret-componistic-jazz-2020\/\" \/>\n<meta property=\"og:locale\" content=\"ro_RO\" \/>\n<meta property=\"og:type\" content=\"article\" \/>\n<meta property=\"og:title\" content=\"PORTRET COMPONISTIC: ROMEO COZMA ALBUM ANIVERSAR 2020\" \/>\n<meta property=\"og:description\" content=\"CD-ul\u00a0\u201eRomeo Cozma \u2013 Album aniversar 2020\u201d\u00a0este produs de\u00a0Editura Muzical\u0103\u00a0a UCMR: din Rom\u00e2nia\u00a0a celebrat un veac de existen\u0163\u0103\" \/>\n<meta property=\"og:url\" content=\"https:\/\/romeocozma.com\/ro\/2018\/04\/03\/romeo-cozma-portret-componistic-jazz-2020\/\" \/>\n<meta property=\"og:site_name\" content=\"www.romeocozma.com\" \/>\n<meta property=\"article:published_time\" content=\"2018-04-03T14:47:23+00:00\" \/>\n<meta property=\"article:modified_time\" content=\"2022-01-25T17:37:55+00:00\" \/>\n<meta property=\"og:image\" content=\"https:\/\/romeocozma.com\/wp-content\/uploads\/2022\/01\/download.jpeg\" \/>\n<meta name=\"author\" content=\"Romeo Cozma\" \/>\n<meta name=\"twitter:card\" content=\"summary_large_image\" \/>\n<meta name=\"twitter:label1\" content=\"Scris de\" \/>\n\t<meta name=\"twitter:data1\" content=\"Romeo Cozma\" \/>\n\t<meta name=\"twitter:label2\" content=\"Timp estimat pentru citire\" \/>\n\t<meta name=\"twitter:data2\" content=\"7 minute\" \/>\n<script type=\"application\/ld+json\" class=\"yoast-schema-graph\">{\"@context\":\"https:\/\/schema.org\",\"@graph\":[{\"@type\":\"Article\",\"@id\":\"https:\/\/romeocozma.com\/2018\/04\/03\/romeo-cozma-portret-componistic-jazz-2020\/#article\",\"isPartOf\":{\"@id\":\"https:\/\/romeocozma.com\/2018\/04\/03\/romeo-cozma-portret-componistic-jazz-2020\/\"},\"author\":{\"name\":\"Romeo Cozma\",\"@id\":\"https:\/\/romeocozma.com\/#\/schema\/person\/a05208a5daa9273391eb82680c61e932\"},\"headline\":\"PORTRET COMPONISTIC: ROMEO COZMA &#8211; ALBUM ANIVERSAR 2020\",\"datePublished\":\"2018-04-03T14:47:23+00:00\",\"dateModified\":\"2022-01-25T17:37:55+00:00\",\"mainEntityOfPage\":{\"@id\":\"https:\/\/romeocozma.com\/2018\/04\/03\/romeo-cozma-portret-componistic-jazz-2020\/\"},\"wordCount\":1679,\"commentCount\":0,\"publisher\":{\"@id\":\"https:\/\/romeocozma.com\/#organization\"},\"image\":{\"@id\":\"https:\/\/romeocozma.com\/2018\/04\/03\/romeo-cozma-portret-componistic-jazz-2020\/#primaryimage\"},\"thumbnailUrl\":\"https:\/\/romeocozma.com\/wp-content\/uploads\/2022\/01\/download.jpeg\",\"articleSection\":[\"News\"],\"inLanguage\":\"ro-RO\",\"potentialAction\":[{\"@type\":\"CommentAction\",\"name\":\"Comment\",\"target\":[\"https:\/\/romeocozma.com\/2018\/04\/03\/romeo-cozma-portret-componistic-jazz-2020\/#respond\"]}]},{\"@type\":\"WebPage\",\"@id\":\"https:\/\/romeocozma.com\/2018\/04\/03\/romeo-cozma-portret-componistic-jazz-2020\/\",\"url\":\"https:\/\/romeocozma.com\/2018\/04\/03\/romeo-cozma-portret-componistic-jazz-2020\/\",\"name\":\"PORTRET COMPONISTIC: ROMEO COZMA ALBUM ANIVERSAR 2020\",\"isPartOf\":{\"@id\":\"https:\/\/romeocozma.com\/#website\"},\"primaryImageOfPage\":{\"@id\":\"https:\/\/romeocozma.com\/2018\/04\/03\/romeo-cozma-portret-componistic-jazz-2020\/#primaryimage\"},\"image\":{\"@id\":\"https:\/\/romeocozma.com\/2018\/04\/03\/romeo-cozma-portret-componistic-jazz-2020\/#primaryimage\"},\"thumbnailUrl\":\"https:\/\/romeocozma.com\/wp-content\/uploads\/2022\/01\/download.jpeg\",\"datePublished\":\"2018-04-03T14:47:23+00:00\",\"dateModified\":\"2022-01-25T17:37:55+00:00\",\"description\":\"CD-ul\u00a0\u201eRomeo Cozma \u2013 Album aniversar 2020\u201d\u00a0este produs de\u00a0Editura Muzical\u0103\u00a0a UCMR: din Rom\u00e2nia\u00a0a celebrat un veac de existen\u0163\u0103\",\"breadcrumb\":{\"@id\":\"https:\/\/romeocozma.com\/2018\/04\/03\/romeo-cozma-portret-componistic-jazz-2020\/#breadcrumb\"},\"inLanguage\":\"ro-RO\",\"potentialAction\":[{\"@type\":\"ReadAction\",\"target\":[\"https:\/\/romeocozma.com\/2018\/04\/03\/romeo-cozma-portret-componistic-jazz-2020\/\"]}]},{\"@type\":\"ImageObject\",\"inLanguage\":\"ro-RO\",\"@id\":\"https:\/\/romeocozma.com\/2018\/04\/03\/romeo-cozma-portret-componistic-jazz-2020\/#primaryimage\",\"url\":\"https:\/\/romeocozma.com\/wp-content\/uploads\/2022\/01\/download.jpeg\",\"contentUrl\":\"https:\/\/romeocozma.com\/wp-content\/uploads\/2022\/01\/download.jpeg\"},{\"@type\":\"BreadcrumbList\",\"@id\":\"https:\/\/romeocozma.com\/2018\/04\/03\/romeo-cozma-portret-componistic-jazz-2020\/#breadcrumb\",\"itemListElement\":[{\"@type\":\"ListItem\",\"position\":1,\"name\":\"Home\",\"item\":\"https:\/\/romeocozma.com\/\"},{\"@type\":\"ListItem\",\"position\":2,\"name\":\"PORTRET COMPONISTIC: ROMEO COZMA &#8211; ALBUM ANIVERSAR 2020\"}]},{\"@type\":\"WebSite\",\"@id\":\"https:\/\/romeocozma.com\/#website\",\"url\":\"https:\/\/romeocozma.com\/\",\"name\":\"www.romeocozma.com\",\"description\":\"www.romeocozma.com\",\"publisher\":{\"@id\":\"https:\/\/romeocozma.com\/#organization\"},\"potentialAction\":[{\"@type\":\"SearchAction\",\"target\":{\"@type\":\"EntryPoint\",\"urlTemplate\":\"https:\/\/romeocozma.com\/?s={search_term_string}\"},\"query-input\":{\"@type\":\"PropertyValueSpecification\",\"valueRequired\":true,\"valueName\":\"search_term_string\"}}],\"inLanguage\":\"ro-RO\"},{\"@type\":\"Organization\",\"@id\":\"https:\/\/romeocozma.com\/#organization\",\"name\":\"Romeo Cozma\",\"url\":\"https:\/\/romeocozma.com\/\",\"logo\":{\"@type\":\"ImageObject\",\"inLanguage\":\"ro-RO\",\"@id\":\"https:\/\/romeocozma.com\/#\/schema\/logo\/image\/\",\"url\":\"https:\/\/romeocozma.com\/wp-content\/uploads\/2022\/01\/Logo-Romeo-Cozma.jpg\",\"contentUrl\":\"https:\/\/romeocozma.com\/wp-content\/uploads\/2022\/01\/Logo-Romeo-Cozma.jpg\",\"width\":1186,\"height\":859,\"caption\":\"Romeo Cozma\"},\"image\":{\"@id\":\"https:\/\/romeocozma.com\/#\/schema\/logo\/image\/\"}},{\"@type\":\"Person\",\"@id\":\"https:\/\/romeocozma.com\/#\/schema\/person\/a05208a5daa9273391eb82680c61e932\",\"name\":\"Romeo Cozma\",\"image\":{\"@type\":\"ImageObject\",\"inLanguage\":\"ro-RO\",\"@id\":\"https:\/\/romeocozma.com\/#\/schema\/person\/image\/\",\"url\":\"https:\/\/secure.gravatar.com\/avatar\/e688e60bd0387dd4627f0a4e1353a33c?s=96&d=mm&r=g\",\"contentUrl\":\"https:\/\/secure.gravatar.com\/avatar\/e688e60bd0387dd4627f0a4e1353a33c?s=96&d=mm&r=g\",\"caption\":\"Romeo Cozma\"},\"sameAs\":[\"http:\/\/romeocozma.com\"]}]}<\/script>\n<!-- \/ Yoast SEO plugin. -->","yoast_head_json":{"title":"PORTRET COMPONISTIC: ROMEO COZMA ALBUM ANIVERSAR 2020","description":"CD-ul\u00a0\u201eRomeo Cozma \u2013 Album aniversar 2020\u201d\u00a0este produs de\u00a0Editura Muzical\u0103\u00a0a UCMR: din Rom\u00e2nia\u00a0a celebrat un veac de existen\u0163\u0103","robots":{"index":"index","follow":"follow","max-snippet":"max-snippet:-1","max-image-preview":"max-image-preview:large","max-video-preview":"max-video-preview:-1"},"canonical":"https:\/\/romeocozma.com\/ro\/2018\/04\/03\/romeo-cozma-portret-componistic-jazz-2020\/","og_locale":"ro_RO","og_type":"article","og_title":"PORTRET COMPONISTIC: ROMEO COZMA ALBUM ANIVERSAR 2020","og_description":"CD-ul\u00a0\u201eRomeo Cozma \u2013 Album aniversar 2020\u201d\u00a0este produs de\u00a0Editura Muzical\u0103\u00a0a UCMR: din Rom\u00e2nia\u00a0a celebrat un veac de existen\u0163\u0103","og_url":"https:\/\/romeocozma.com\/ro\/2018\/04\/03\/romeo-cozma-portret-componistic-jazz-2020\/","og_site_name":"www.romeocozma.com","article_published_time":"2018-04-03T14:47:23+00:00","article_modified_time":"2022-01-25T17:37:55+00:00","og_image":[{"url":"https:\/\/romeocozma.com\/wp-content\/uploads\/2022\/01\/download.jpeg","type":"","width":"","height":""}],"author":"Romeo Cozma","twitter_card":"summary_large_image","twitter_misc":{"Scris de":"Romeo Cozma","Timp estimat pentru citire":"7 minute"},"schema":{"@context":"https:\/\/schema.org","@graph":[{"@type":"Article","@id":"https:\/\/romeocozma.com\/2018\/04\/03\/romeo-cozma-portret-componistic-jazz-2020\/#article","isPartOf":{"@id":"https:\/\/romeocozma.com\/2018\/04\/03\/romeo-cozma-portret-componistic-jazz-2020\/"},"author":{"name":"Romeo Cozma","@id":"https:\/\/romeocozma.com\/#\/schema\/person\/a05208a5daa9273391eb82680c61e932"},"headline":"PORTRET COMPONISTIC: ROMEO COZMA &#8211; ALBUM ANIVERSAR 2020","datePublished":"2018-04-03T14:47:23+00:00","dateModified":"2022-01-25T17:37:55+00:00","mainEntityOfPage":{"@id":"https:\/\/romeocozma.com\/2018\/04\/03\/romeo-cozma-portret-componistic-jazz-2020\/"},"wordCount":1679,"commentCount":0,"publisher":{"@id":"https:\/\/romeocozma.com\/#organization"},"image":{"@id":"https:\/\/romeocozma.com\/2018\/04\/03\/romeo-cozma-portret-componistic-jazz-2020\/#primaryimage"},"thumbnailUrl":"https:\/\/romeocozma.com\/wp-content\/uploads\/2022\/01\/download.jpeg","articleSection":["News"],"inLanguage":"ro-RO","potentialAction":[{"@type":"CommentAction","name":"Comment","target":["https:\/\/romeocozma.com\/2018\/04\/03\/romeo-cozma-portret-componistic-jazz-2020\/#respond"]}]},{"@type":"WebPage","@id":"https:\/\/romeocozma.com\/2018\/04\/03\/romeo-cozma-portret-componistic-jazz-2020\/","url":"https:\/\/romeocozma.com\/2018\/04\/03\/romeo-cozma-portret-componistic-jazz-2020\/","name":"PORTRET COMPONISTIC: ROMEO COZMA ALBUM ANIVERSAR 2020","isPartOf":{"@id":"https:\/\/romeocozma.com\/#website"},"primaryImageOfPage":{"@id":"https:\/\/romeocozma.com\/2018\/04\/03\/romeo-cozma-portret-componistic-jazz-2020\/#primaryimage"},"image":{"@id":"https:\/\/romeocozma.com\/2018\/04\/03\/romeo-cozma-portret-componistic-jazz-2020\/#primaryimage"},"thumbnailUrl":"https:\/\/romeocozma.com\/wp-content\/uploads\/2022\/01\/download.jpeg","datePublished":"2018-04-03T14:47:23+00:00","dateModified":"2022-01-25T17:37:55+00:00","description":"CD-ul\u00a0\u201eRomeo Cozma \u2013 Album aniversar 2020\u201d\u00a0este produs de\u00a0Editura Muzical\u0103\u00a0a UCMR: din Rom\u00e2nia\u00a0a celebrat un veac de existen\u0163\u0103","breadcrumb":{"@id":"https:\/\/romeocozma.com\/2018\/04\/03\/romeo-cozma-portret-componistic-jazz-2020\/#breadcrumb"},"inLanguage":"ro-RO","potentialAction":[{"@type":"ReadAction","target":["https:\/\/romeocozma.com\/2018\/04\/03\/romeo-cozma-portret-componistic-jazz-2020\/"]}]},{"@type":"ImageObject","inLanguage":"ro-RO","@id":"https:\/\/romeocozma.com\/2018\/04\/03\/romeo-cozma-portret-componistic-jazz-2020\/#primaryimage","url":"https:\/\/romeocozma.com\/wp-content\/uploads\/2022\/01\/download.jpeg","contentUrl":"https:\/\/romeocozma.com\/wp-content\/uploads\/2022\/01\/download.jpeg"},{"@type":"BreadcrumbList","@id":"https:\/\/romeocozma.com\/2018\/04\/03\/romeo-cozma-portret-componistic-jazz-2020\/#breadcrumb","itemListElement":[{"@type":"ListItem","position":1,"name":"Home","item":"https:\/\/romeocozma.com\/"},{"@type":"ListItem","position":2,"name":"PORTRET COMPONISTIC: ROMEO COZMA &#8211; ALBUM ANIVERSAR 2020"}]},{"@type":"WebSite","@id":"https:\/\/romeocozma.com\/#website","url":"https:\/\/romeocozma.com\/","name":"www.romeocozma.com","description":"www.romeocozma.com","publisher":{"@id":"https:\/\/romeocozma.com\/#organization"},"potentialAction":[{"@type":"SearchAction","target":{"@type":"EntryPoint","urlTemplate":"https:\/\/romeocozma.com\/?s={search_term_string}"},"query-input":{"@type":"PropertyValueSpecification","valueRequired":true,"valueName":"search_term_string"}}],"inLanguage":"ro-RO"},{"@type":"Organization","@id":"https:\/\/romeocozma.com\/#organization","name":"Romeo Cozma","url":"https:\/\/romeocozma.com\/","logo":{"@type":"ImageObject","inLanguage":"ro-RO","@id":"https:\/\/romeocozma.com\/#\/schema\/logo\/image\/","url":"https:\/\/romeocozma.com\/wp-content\/uploads\/2022\/01\/Logo-Romeo-Cozma.jpg","contentUrl":"https:\/\/romeocozma.com\/wp-content\/uploads\/2022\/01\/Logo-Romeo-Cozma.jpg","width":1186,"height":859,"caption":"Romeo Cozma"},"image":{"@id":"https:\/\/romeocozma.com\/#\/schema\/logo\/image\/"}},{"@type":"Person","@id":"https:\/\/romeocozma.com\/#\/schema\/person\/a05208a5daa9273391eb82680c61e932","name":"Romeo Cozma","image":{"@type":"ImageObject","inLanguage":"ro-RO","@id":"https:\/\/romeocozma.com\/#\/schema\/person\/image\/","url":"https:\/\/secure.gravatar.com\/avatar\/e688e60bd0387dd4627f0a4e1353a33c?s=96&d=mm&r=g","contentUrl":"https:\/\/secure.gravatar.com\/avatar\/e688e60bd0387dd4627f0a4e1353a33c?s=96&d=mm&r=g","caption":"Romeo Cozma"},"sameAs":["http:\/\/romeocozma.com"]}]}},"_links":{"self":[{"href":"https:\/\/romeocozma.com\/ro\/wp-json\/wp\/v2\/posts\/130","targetHints":{"allow":["GET"]}}],"collection":[{"href":"https:\/\/romeocozma.com\/ro\/wp-json\/wp\/v2\/posts"}],"about":[{"href":"https:\/\/romeocozma.com\/ro\/wp-json\/wp\/v2\/types\/post"}],"author":[{"embeddable":true,"href":"https:\/\/romeocozma.com\/ro\/wp-json\/wp\/v2\/users\/1"}],"replies":[{"embeddable":true,"href":"https:\/\/romeocozma.com\/ro\/wp-json\/wp\/v2\/comments?post=130"}],"version-history":[{"count":3,"href":"https:\/\/romeocozma.com\/ro\/wp-json\/wp\/v2\/posts\/130\/revisions"}],"predecessor-version":[{"id":377,"href":"https:\/\/romeocozma.com\/ro\/wp-json\/wp\/v2\/posts\/130\/revisions\/377"}],"wp:attachment":[{"href":"https:\/\/romeocozma.com\/ro\/wp-json\/wp\/v2\/media?parent=130"}],"wp:term":[{"taxonomy":"category","embeddable":true,"href":"https:\/\/romeocozma.com\/ro\/wp-json\/wp\/v2\/categories?post=130"},{"taxonomy":"post_tag","embeddable":true,"href":"https:\/\/romeocozma.com\/ro\/wp-json\/wp\/v2\/tags?post=130"}],"curies":[{"name":"wp","href":"https:\/\/api.w.org\/{rel}","templated":true}]}}